{"id":78,"date":"2017-08-08T16:14:09","date_gmt":"2017-08-08T16:14:09","guid":{"rendered":"http:\/\/lafondareal.es\/?p=78"},"modified":"2017-09-20T15:00:13","modified_gmt":"2017-09-20T15:00:13","slug":"la-fonda-real","status":"publish","type":"post","link":"https:\/\/lafondareal.es\/?p=78","title":{"rendered":""},"content":{"rendered":"<h4 style=\"text-align: justify;\"><em><strong><span style=\"color: #000080;\">Esta es la Fonda Real . Encuentro de caminos que usaron reyes y plebeyos que nos gustar\u00eda vis\u00edtara. Al pie del camino, subiendo el Puerto de Navacerrada, parece ofrecer al viajero su caracter\u00edstica arquitectura de una \u00e9poca pasada y gloriosa. En su interior, fielmente decorado al estilo del siglo XVIII, el gastr\u00f3nomo m\u00e1s exigente puede degustar los m\u00e1s variados y exquisitos platos, preparados al gusto y estilo de la vieja Castilla. Un ambiente \u00fanico, concebido bajo el mismo marco en que anta\u00f1o, los Reyes, Pr\u00edncipes e Infantes de Espa\u00f1a, se deten\u00edan para cambiar el tiro de sus carrozas en sus viajes a la Granja y Segovia, as\u00ed como parada obligatoria para el yantar de trajinantes y arrieros. Es pues, un vestigio del pasado.<\/span><\/strong><\/em><\/h4>\n<h2><em><strong><span style=\"color: #003366;\">&#8220;Cuando de comer se trate, c\u00f3mase bien amigo Sancho&#8221;<\/span><\/strong><\/em><\/h2>\n<p style=\"text-align: justify;\"><em><strong><span style=\"color: #000080;\">Nuestras instalaciones son el complemento para que el trabajo que iniciaron Carlos, Angelines y M\u00aa Josefa consigan siempre el ambiente y la tranquilidad que este Restaurante ofrece desde que ellos lo fundaron, esperando que como para otros pueda ser su casa.<\/span><\/strong><\/em><\/p>\n<p style=\"text-align: justify;\"><img loading=\"lazy\" class=\"alignnone size-medium wp-image-76\" src=\"http:\/\/lafondareal.es\/wp-content\/uploads\/2017\/08\/DSC2221-300x200.jpg\" alt=\"\" width=\"300\" height=\"200\" srcset=\"https:\/\/lafondareal.es\/wp-content\/uploads\/2017\/08\/DSC2221-300x200.jpg 300w, https:\/\/lafondareal.es\/wp-content\/uploads\/2017\/08\/DSC2221-768x513.jpg 768w, https:\/\/lafondareal.es\/wp-content\/uploads\/2017\/08\/DSC2221-1024x683.jpg 1024w, https:\/\/lafondareal.es\/wp-content\/uploads\/2017\/08\/DSC2221-1x1.jpg 1w, https:\/\/lafondareal.es\/wp-content\/uploads\/2017\/08\/DSC2221.jpg 1500w\" sizes=\"(max-width: 300px) 100vw, 300px\" \/><img loading=\"lazy\" class=\"alignnone size-medium wp-image-74\" src=\"http:\/\/lafondareal.es\/wp-content\/uploads\/2017\/08\/DSC2182-300x200.jpg\" alt=\"\" width=\"300\" height=\"200\" srcset=\"https:\/\/lafondareal.es\/wp-content\/uploads\/2017\/08\/DSC2182-300x200.jpg 300w, https:\/\/lafondareal.es\/wp-content\/uploads\/2017\/08\/DSC2182-768x513.jpg 768w, https:\/\/lafondareal.es\/wp-content\/uploads\/2017\/08\/DSC2182-1024x683.jpg 1024w, https:\/\/lafondareal.es\/wp-content\/uploads\/2017\/08\/DSC2182-1x1.jpg 1w, https:\/\/lafondareal.es\/wp-content\/uploads\/2017\/08\/DSC2182.jpg 1500w\" sizes=\"(max-width: 300px) 100vw, 300px\" \/>\u00a0<img loading=\"lazy\" class=\"alignnone size-medium wp-image-75\" src=\"http:\/\/lafondareal.es\/wp-content\/uploads\/2017\/08\/DSC2203-300x200.jpg\" alt=\"\" width=\"300\" height=\"200\" srcset=\"https:\/\/lafondareal.es\/wp-content\/uploads\/2017\/08\/DSC2203-300x200.jpg 300w, https:\/\/lafondareal.es\/wp-content\/uploads\/2017\/08\/DSC2203-768x513.jpg 768w, https:\/\/lafondareal.es\/wp-content\/uploads\/2017\/08\/DSC2203-1024x683.jpg 1024w, https:\/\/lafondareal.es\/wp-content\/uploads\/2017\/08\/DSC2203-1x1.jpg 1w, https:\/\/lafondareal.es\/wp-content\/uploads\/2017\/08\/DSC2203.jpg 1500w\" sizes=\"(max-width: 300px) 100vw, 300px\" \/><img loading=\"lazy\" class=\"size-medium wp-image-77 alignleft\" src=\"http:\/\/lafondareal.es\/wp-content\/uploads\/2017\/08\/DSC2239-300x200.jpg\" alt=\"\" width=\"300\" height=\"200\" srcset=\"https:\/\/lafondareal.es\/wp-content\/uploads\/2017\/08\/DSC2239-300x200.jpg 300w, https:\/\/lafondareal.es\/wp-content\/uploads\/2017\/08\/DSC2239-768x513.jpg 768w, https:\/\/lafondareal.es\/wp-content\/uploads\/2017\/08\/DSC2239-1024x683.jpg 1024w, https:\/\/lafondareal.es\/wp-content\/uploads\/2017\/08\/DSC2239-1x1.jpg 1w, https:\/\/lafondareal.es\/wp-content\/uploads\/2017\/08\/DSC2239.jpg 1500w\" sizes=\"(max-width: 300px) 100vw, 300px\" \/><\/p>\n","protected":false},"excerpt":{"rendered":"<p>Esta es la Fonda Real . Encuentro de caminos que usaron reyes y plebeyos que nos gustar\u00eda vis\u00edtara. Al pie del camino, subiendo el Puerto de Navacerrada, parece ofrecer al viajero su caracter\u00edstica arquitectura de una \u00e9poca pasada y gloriosa. En su interior, fielmente decorado al estilo del siglo XVIII, el gastr\u00f3nomo m\u00e1s exigente puede&#8230;<\/p>\n","protected":false},"author":1,"featured_media":0,"comment_status":"closed","ping_status":"closed","sticky":false,"template":"","format":"aside","meta":[],"categories":[1],"tags":[],"_links":{"self":[{"href":"https:\/\/lafondareal.es\/index.php?rest_route=\/wp\/v2\/posts\/78"}],"collection":[{"href":"https:\/\/lafondareal.es\/index.php?rest_route=\/wp\/v2\/posts"}],"about":[{"href":"https:\/\/lafondareal.es\/index.php?rest_route=\/wp\/v2\/types\/post"}],"author":[{"embeddable":true,"href":"https:\/\/lafondareal.es\/index.php?rest_route=\/wp\/v2\/users\/1"}],"replies":[{"embeddable":true,"href":"https:\/\/lafondareal.es\/index.php?rest_route=%2Fwp%2Fv2%2Fcomments&post=78"}],"version-history":[{"count":7,"href":"https:\/\/lafondareal.es\/index.php?rest_route=\/wp\/v2\/posts\/78\/revisions"}],"predecessor-version":[{"id":122,"href":"https:\/\/lafondareal.es\/index.php?rest_route=\/wp\/v2\/posts\/78\/revisions\/122"}],"wp:attachment":[{"href":"https:\/\/lafondareal.es\/index.php?rest_route=%2Fwp%2Fv2%2Fmedia&parent=78"}],"wp:term":[{"taxonomy":"category","embeddable":true,"href":"https:\/\/lafondareal.es\/index.php?rest_route=%2Fwp%2Fv2%2Fcategories&post=78"},{"taxonomy":"post_tag","embeddable":true,"href":"https:\/\/lafondareal.es\/index.php?rest_route=%2Fwp%2Fv2%2Ftags&post=78"}],"curies":[{"name":"wp","href":"https:\/\/api.w.org\/{rel}","templated":true}]}}